{"id":677,"date":"2019-07-20T09:12:00","date_gmt":"2019-07-20T07:12:00","guid":{"rendered":"http:\/\/www.conservation-justice.org\/?p=677"},"modified":"2020-08-13T11:37:35","modified_gmt":"2020-08-13T09:37:35","slug":"le-prefet-eugene-nziengui-condamne-a-45-jours-de-prison-dont-15-avec-sursis","status":"publish","type":"post","link":"https:\/\/www.conservation-justice.org\/fr\/le-prefet-eugene-nziengui-condamne-a-45-jours-de-prison-dont-15-avec-sursis\/","title":{"rendered":"Le Pr\u00e9fet Eug\u00e8ne Nziengui condamn\u00e9 \u00e0 45 jours de prison dont 15 avec sursis !"},"content":{"rendered":"\n<p>Statuant une nouvelle fois sur l\u2019affaire du pr\u00e9fet de Mayumba et sa concubine, le Tribunal de Mouila a inflig\u00e9 des sanctions qui pourraient ne pas avoir une grande influence sur la lutte contre le trafic des produits des esp\u00e8ces prot\u00e9g\u00e9es.<\/p>\n\n\n\n<p>Impliqu\u00e9 avec sa compagne dans un cas de trafic d\u2019ivoire, le Pr\u00e9fet Eug\u00e8ne Nziengui vient d\u2019\u00eatre condamn\u00e9 \u00e0 une peine de prison tr\u00e8s peu dissuasive. Le tribunal de Mouila, qui s\u2019est une nouvelle fois pench\u00e9 sur ce cas apr\u00e8s quelques renvois, a condamn\u00e9 le haut fonctionnaire \u00e0&nbsp;45 jours d\u2019emprisonnement dont 15 avec sursis.&nbsp;Pour ce d\u00e9lit grave, celui de la d\u00e9tention et de la commercialisation d\u2019ivoire, produit d\u2019une esp\u00e8ce int\u00e9gralement prot\u00e9g\u00e9e (\u00e9l\u00e9phant), ledit pr\u00e9fet a \u00e9cop\u00e9 d\u2019un mois de prison ferme seulement. Ayant d\u00e9j\u00e0 fait un mois de d\u00e9tention depuis son arrestation, il a \u00e9t\u00e9 remis en libert\u00e9. Il devra payer une amende de 100.000 Fcfa et des dommage-int\u00e9r\u00eats d\u2019un montant de 3.000.000 Fcfa. Mariette Kogue Moukambi, sa concubine, a quant \u00e0 elle \u00e9t\u00e9 condamn\u00e9e&nbsp;\u00e0 trois mois de prison dont un avec sursis. Elle est \u00e9galement&nbsp;condamn\u00e9e \u00e0 payer la m\u00eame amende que son compagnon, ainsi que les m\u00eames dommages.<\/p>\n\n\n\n<h4 class=\"wp-block-heading\">Dans la presse<\/h4>\n\n\n<section class=\"links\">\r\n                <a href=\"http:\/\/gabonews.com\/fr\/actus\/societe\/article\/mouila-un-prefet-et-sa-concubine-a-la-maison-en\" target=\"_blank\" class=\"links--element\">\r\n                <div class=\"inner\">\r\n                    <span class=\"labeled\"><svg class=\"icon\"><use xlink:href=\"#tag\"><\/use><\/svg>Gabonews &#8211; 13.05.2019<\/span>\r\n                    <span class=\"title\">MOUILA\/Un pr\u00e9fet et sa concubine \u00e0 la Maison en \u00e9tat d\u2019arrestation pour une affaire de trafic d\u2019ivoire<\/span>\r\n                <\/div>\r\n                <svg class=\"icon\"><use xlink:href=\"#link\"><\/use><\/svg>\r\n            <\/a>\r\n                    <a href=\"http:\/\/mediaposte.ga\/environnement\/trafic-divoire-le-prefet-eugene-nziengui-condamne-a-45-jours-de-prison-dont-15-avec-sursis\/\" target=\"_blank\" class=\"links--element\">\r\n                <div class=\"inner\">\r\n                    <span class=\"labeled\"><svg class=\"icon\"><use xlink:href=\"#tag\"><\/use><\/svg>Media Poste<\/span>\r\n                    <span class=\"title\"> Trafic d\u2019ivoire : le pr\u00e9fet Eug\u00e8ne Nziengui condamn\u00e9 \u00e0 45 jours de prison dont 15 avec sursis<\/span>\r\n                <\/div>\r\n                <svg class=\"icon\"><use xlink:href=\"#link\"><\/use><\/svg>\r\n            <\/a>\r\n        <\/section>","protected":false},"excerpt":{"rendered":"Statuant une nouvelle fois sur l\u2019affaire du pr\u00e9fet de Mayumba et sa concubine, le Tribunal de Mouila a inflig\u00e9 des sanctions qui pourraient ne pas avoir une grande influence sur la lutte contre le trafic des produits des esp\u00e8ces prot\u00e9g\u00e9es. Impliqu\u00e9 avec sa compagne dans un cas de trafic d\u2019ivoire, le Pr\u00e9fet Eug\u00e8ne Nziengui vient [&hellip;]","protected":false},"author":2,"featured_media":681,"comment_status":"open","ping_status":"open","sticky":false,"template":"","format":"standard","meta":{"footnotes":""},"categories":[1],"tags":[],"class_list":["post-677","post","type-post","status-publish","format-standard","has-post-thumbnail","hentry","category-non-classifiee"],"_links":{"self":[{"href":"https:\/\/www.conservation-justice.org\/fr\/wp-json\/wp\/v2\/posts\/677","targetHints":{"allow":["GET"]}}],"collection":[{"href":"https:\/\/www.conservation-justice.org\/fr\/wp-json\/wp\/v2\/posts"}],"about":[{"href":"https:\/\/www.conservation-justice.org\/fr\/wp-json\/wp\/v2\/types\/post"}],"author":[{"embeddable":true,"href":"https:\/\/www.conservation-justice.org\/fr\/wp-json\/wp\/v2\/users\/2"}],"replies":[{"embeddable":true,"href":"https:\/\/www.conservation-justice.org\/fr\/wp-json\/wp\/v2\/comments?post=677"}],"version-history":[{"count":5,"href":"https:\/\/www.conservation-justice.org\/fr\/wp-json\/wp\/v2\/posts\/677\/revisions"}],"predecessor-version":[{"id":1044,"href":"https:\/\/www.conservation-justice.org\/fr\/wp-json\/wp\/v2\/posts\/677\/revisions\/1044"}],"wp:featuredmedia":[{"embeddable":true,"href":"https:\/\/www.conservation-justice.org\/fr\/wp-json\/wp\/v2\/media\/681"}],"wp:attachment":[{"href":"https:\/\/www.conservation-justice.org\/fr\/wp-json\/wp\/v2\/media?parent=677"}],"wp:term":[{"taxonomy":"category","embeddable":true,"href":"https:\/\/www.conservation-justice.org\/fr\/wp-json\/wp\/v2\/categories?post=677"},{"taxonomy":"post_tag","embeddable":true,"href":"https:\/\/www.conservation-justice.org\/fr\/wp-json\/wp\/v2\/tags?post=677"}],"curies":[{"name":"wp","href":"https:\/\/api.w.org\/{rel}","templated":true}]}}