{"id":2544,"date":"2018-05-28T12:03:42","date_gmt":"2018-05-28T10:03:42","guid":{"rendered":"http:\/\/www.conservation-justice.org\/CJ\/?p=2544"},"modified":"2018-05-28T12:03:42","modified_gmt":"2018-05-28T10:03:42","slug":"aalfmai-2018-adamou-et-nkono-complices-jusquau-gnouf","status":"publish","type":"post","link":"https:\/\/www.conservation-justice.org\/fr\/aalfmai-2018-adamou-et-nkono-complices-jusquau-gnouf\/","title":{"rendered":"AALF\/MAI 2018: Adamou et Nkono, complices jusqu&#8217;au gnouf"},"content":{"rendered":"<figure id=\"attachment_2545\" aria-describedby=\"caption-attachment-2545\" style=\"width: 169px\" class=\"wp-caption aligncenter\"><a href=\"http:\/\/www.conservation-justice.org\/CJ\/wp-content\/uploads\/2018\/05\/WP_20180525_15_43_41_Pro.jpg\"><img loading=\"lazy\" decoding=\"async\" class=\"wp-image-2545 size-medium\" src=\"http:\/\/www.conservation-justice.org\/CJ\/wp-content\/uploads\/2018\/05\/WP_20180525_15_43_41_Pro-169x300.jpg\" alt=\"WP_20180525_15_43_41_Pro\" width=\"169\" height=\"300\" \/><\/a><figcaption id=\"caption-attachment-2545\" class=\"wp-caption-text\">Hugues Nkono, le braconnier<\/figcaption><\/figure>\n<figure id=\"attachment_2546\" aria-describedby=\"caption-attachment-2546\" style=\"width: 169px\" class=\"wp-caption aligncenter\"><a href=\"http:\/\/www.conservation-justice.org\/CJ\/wp-content\/uploads\/2018\/05\/WP_20180525_12_36_11_Pro.jpg\"><img loading=\"lazy\" decoding=\"async\" class=\"wp-image-2546 size-medium\" src=\"http:\/\/www.conservation-justice.org\/CJ\/wp-content\/uploads\/2018\/05\/WP_20180525_12_36_11_Pro-169x300.jpg\" alt=\"WP_20180525_12_36_11_Pro\" width=\"169\" height=\"300\" \/><\/a><figcaption id=\"caption-attachment-2546\" class=\"wp-caption-text\">Mohamed Adamou le trafiquant<\/figcaption><\/figure>\n<p>&nbsp;<\/p>\n<p>Mohamed Adamou et Hugues Nkono ont \u00e9t\u00e9 mis aux arr\u00eats le 25 mai dernier \u00e0 Franceville et Okondja. Ils sont membres d&#8217;un r\u00e9seau de trafiquants et braconniers tr\u00e8s actifs dans le Haut-Ogoou\u00e9. Le 26 mais, leur complice, le transporteur qui a permis au butin de partir d&#8217;Okondja pour Franceville a \u00e9t\u00e9 lui aussi arr\u00eat\u00e9.<\/p>\n","protected":false},"excerpt":{"rendered":"&nbsp; Mohamed Adamou et Hugues Nkono ont \u00e9t\u00e9 mis aux arr\u00eats le 25 mai dernier \u00e0 Franceville et Okondja. Ils sont membres d&#8217;un r\u00e9seau de trafiquants et braconniers tr\u00e8s actifs dans le Haut-Ogoou\u00e9. Le 26 mais, leur complice, le transporteur qui a permis au butin de partir d&#8217;Okondja pour Franceville a \u00e9t\u00e9 lui aussi arr\u00eat\u00e9.","protected":false},"author":4,"featured_media":1133,"comment_status":"closed","ping_status":"closed","sticky":false,"template":"","format":"standard","meta":{"footnotes":""},"categories":[1],"tags":[],"class_list":["post-2544","post","type-post","status-publish","format-standard","has-post-thumbnail","hentry","category-non-classifiee"],"_links":{"self":[{"href":"https:\/\/www.conservation-justice.org\/fr\/wp-json\/wp\/v2\/posts\/2544","targetHints":{"allow":["GET"]}}],"collection":[{"href":"https:\/\/www.conservation-justice.org\/fr\/wp-json\/wp\/v2\/posts"}],"about":[{"href":"https:\/\/www.conservation-justice.org\/fr\/wp-json\/wp\/v2\/types\/post"}],"author":[{"embeddable":true,"href":"https:\/\/www.conservation-justice.org\/fr\/wp-json\/wp\/v2\/users\/4"}],"replies":[{"embeddable":true,"href":"https:\/\/www.conservation-justice.org\/fr\/wp-json\/wp\/v2\/comments?post=2544"}],"version-history":[{"count":0,"href":"https:\/\/www.conservation-justice.org\/fr\/wp-json\/wp\/v2\/posts\/2544\/revisions"}],"wp:featuredmedia":[{"embeddable":true,"href":"https:\/\/www.conservation-justice.org\/fr\/wp-json\/wp\/v2\/media\/1133"}],"wp:attachment":[{"href":"https:\/\/www.conservation-justice.org\/fr\/wp-json\/wp\/v2\/media?parent=2544"}],"wp:term":[{"taxonomy":"category","embeddable":true,"href":"https:\/\/www.conservation-justice.org\/fr\/wp-json\/wp\/v2\/categories?post=2544"},{"taxonomy":"post_tag","embeddable":true,"href":"https:\/\/www.conservation-justice.org\/fr\/wp-json\/wp\/v2\/tags?post=2544"}],"curies":[{"name":"wp","href":"https:\/\/api.w.org\/{rel}","templated":true}]}}