{"id":1902,"date":"2014-12-08T15:18:02","date_gmt":"2014-12-08T14:18:02","guid":{"rendered":"http:\/\/www.conservation-justice.org\/CJ\/?p=1902"},"modified":"2014-12-08T15:18:02","modified_gmt":"2014-12-08T14:18:02","slug":"le-grand-braconnage-dans-le-grand-nord","status":"publish","type":"post","link":"https:\/\/www.conservation-justice.org\/fr\/le-grand-braconnage-dans-le-grand-nord\/","title":{"rendered":"Le Grand braconnage dans le Grand Nord"},"content":{"rendered":"<p>\u00a0<\/p>\n<figure id=\"attachment_1903\" aria-describedby=\"caption-attachment-1903\" style=\"width: 584px\" class=\"wp-caption aligncenter\"><a href=\"http:\/\/www.conservation-justice.org\/CJ\/wp-content\/uploads\/2014\/12\/mezui-owono.jpg\"><img loading=\"lazy\" decoding=\"async\" class=\"size-full wp-image-1903\" src=\"http:\/\/www.conservation-justice.org\/CJ\/wp-content\/uploads\/2014\/12\/mezui-owono.jpg\" alt=\"MBA OWONO Sylvain et MEZUI MENDONG Jean-Marie\" width=\"584\" height=\"438\" \/><\/a><figcaption id=\"caption-attachment-1903\" class=\"wp-caption-text\">MBA OWONO Sylvain et MEZUI MENDONG Jean-Marie<\/figcaption><\/figure>\n<p>Six pointes d\u2019ivoires, une peau de panth\u00e8re et une peau de chat dor\u00e9, c\u2019est la saisie qui a \u00e9t\u00e9 effectu\u00e9e par les autorit\u00e9s polici\u00e8res, judiciaires et minist\u00e9rielles, accompagn\u00e9es de l\u2019ONG Conservation Justice dans la ville d\u2019Oyem le jeudi 20 Novembre.<\/p>\n<p>Deux braconniers de nationalit\u00e9 gabonaise ont \u00e9t\u00e9 arr\u00eat\u00e9s en flagrant d\u00e9lit de transport, d\u00e9tention ill\u00e9gale de troph\u00e9es des esp\u00e8ces int\u00e9gralement prot\u00e9g\u00e9es et de balles de calibre 458, pourtant prohib\u00e9es par la loi. En effet, messieurs <strong>MBA OWONO Sylvain et MEZUI MENDONG Jean-Marie se rendaient \u00e0 <\/strong>l\u2019h\u00f4tel IYA.<\/p>\n<p>Interrog\u00e9s par des \u00e9l\u00e9ments de la Police Judiciaire \u00e0 Oyem, les contrevenants ont avou\u00e9 les faits qui leur sont reproch\u00e9s, tout en laissant \u00e9chapper le fait qu\u2019ils avaient d\u00e9j\u00e0 vendu de l\u2019ivoire. Ces deux ne sont pourtant pas \u00e0 leur premier d\u00e9lit et ne sont pas des petits chasseurs classiques.<\/p>\n<p>Ils ont \u00e9t\u00e9 mis en garde \u00e0 vue et seront pr\u00e9sent\u00e9s au parquet pour r\u00e9pondre des faits mis \u00e0 leur charge. Le nouveau chef d\u2019antenne de la PJ \u00e0 Oyem n\u2019aura pas mis du temps \u00e0 signaler sa d\u00e9termination dans la lutte anti-braconnage, attitude \u00e0 f\u00e9liciter et p\u00e9renniser.<\/p>\n<p>C\u2019est la deuxi\u00e8me fois en moins d\u2019une semaine que l\u2019on rapporte des cas de grand braconnage et trafic dans le pays. Deux cas qui devraient renforcer la d\u00e9termination des autorit\u00e9s apr\u00e8s les f\u00e9licitations re\u00e7ues au Congr\u00e8s Mondial des Parcs qui s\u2019est tenu en Australie et le Green Ribbon Political Award qui a \u00e9t\u00e9 d\u00e9cern\u00e9 au chef de l\u2019\u00c9tat par le parlement anglais.<\/p>\n<p>Prot\u00e9ger l\u2019environnement, c\u2019est prot\u00e9ger la faune et surtout les esp\u00e8ces menac\u00e9es d\u2019extinction. Au Gabon, ceci passe par un durcissement des sanctions pr\u00e9vues par le Code Forestier (maximum 6 mois d\u2019emprisonnement), mais aussi une application stricte de celles ci. C\u2019est aussi renforcer la bonne gouvernance des ressources naturelles de mani\u00e8re g\u00e9n\u00e9rale.<\/p>\n<p>\u00a0<\/p>\n<p><a href=\"http:\/\/www.gabonews.com\/fr\/actus\/environnement\/article\/le-grand-braconnage-dans-le-grand-nord\" target=\"_blank\" rel=\"noopener noreferrer\">http:\/\/www.gabonews.com\/fr\/actus\/environnement\/article\/le-grand-braconnage-dans-le-grand-nord<\/a><\/p>\n<p><a href=\"http:\/\/news.alibreville.com\/h\/20337.html\" target=\"_blank\" rel=\"noopener noreferrer\">http:\/\/news.alibreville.com\/h\/20337.html<\/a><\/p>\n<p><a href=\"http:\/\/fr.africatime.com\/gabon\/articles\/le-grand-braconnage-dans-le-grand-nord\" target=\"_blank\" rel=\"noopener noreferrer\">http:\/\/fr.africatime.com\/gabon\/articles\/le-grand-braconnage-dans-le-grand-nord<\/a><\/p>\n<p><a href=\"http:\/\/www.agpgabon.ga\/provinces\/estuaire\/article\/plus-de-30-kg-d-ivoire-saisis-a\" target=\"_blank\" rel=\"noopener noreferrer\">http:\/\/www.agpgabon.ga\/provinces\/estuaire\/article\/plus-de-30-kg-d-ivoire-saisis-a<\/a><\/p>\n","protected":false},"excerpt":{"rendered":"\u00a0 Six pointes d\u2019ivoires, une peau de panth\u00e8re et une peau de chat dor\u00e9, c\u2019est la saisie qui a \u00e9t\u00e9 effectu\u00e9e par les autorit\u00e9s polici\u00e8res, judiciaires et minist\u00e9rielles, accompagn\u00e9es de l\u2019ONG Conservation Justice dans la ville d\u2019Oyem le jeudi 20 Novembre. Deux braconniers de nationalit\u00e9 gabonaise ont \u00e9t\u00e9 arr\u00eat\u00e9s en flagrant d\u00e9lit de transport, d\u00e9tention [&hellip;]","protected":false},"author":4,"featured_media":1133,"comment_status":"closed","ping_status":"closed","sticky":false,"template":"","format":"standard","meta":{"footnotes":""},"categories":[1],"tags":[],"class_list":["post-1902","post","type-post","status-publish","format-standard","has-post-thumbnail","hentry","category-non-classifiee"],"_links":{"self":[{"href":"https:\/\/www.conservation-justice.org\/fr\/wp-json\/wp\/v2\/posts\/1902","targetHints":{"allow":["GET"]}}],"collection":[{"href":"https:\/\/www.conservation-justice.org\/fr\/wp-json\/wp\/v2\/posts"}],"about":[{"href":"https:\/\/www.conservation-justice.org\/fr\/wp-json\/wp\/v2\/types\/post"}],"author":[{"embeddable":true,"href":"https:\/\/www.conservation-justice.org\/fr\/wp-json\/wp\/v2\/users\/4"}],"replies":[{"embeddable":true,"href":"https:\/\/www.conservation-justice.org\/fr\/wp-json\/wp\/v2\/comments?post=1902"}],"version-history":[{"count":0,"href":"https:\/\/www.conservation-justice.org\/fr\/wp-json\/wp\/v2\/posts\/1902\/revisions"}],"wp:featuredmedia":[{"embeddable":true,"href":"https:\/\/www.conservation-justice.org\/fr\/wp-json\/wp\/v2\/media\/1133"}],"wp:attachment":[{"href":"https:\/\/www.conservation-justice.org\/fr\/wp-json\/wp\/v2\/media?parent=1902"}],"wp:term":[{"taxonomy":"category","embeddable":true,"href":"https:\/\/www.conservation-justice.org\/fr\/wp-json\/wp\/v2\/categories?post=1902"},{"taxonomy":"post_tag","embeddable":true,"href":"https:\/\/www.conservation-justice.org\/fr\/wp-json\/wp\/v2\/tags?post=1902"}],"curies":[{"name":"wp","href":"https:\/\/api.w.org\/{rel}","templated":true}]}}