{"id":1895,"date":"2014-11-21T14:34:41","date_gmt":"2014-11-21T13:34:41","guid":{"rendered":"http:\/\/www.conservation-justice.org\/CJ\/?p=1895"},"modified":"2014-11-21T14:34:41","modified_gmt":"2014-11-21T13:34:41","slug":"33-kilos-divoire-saisis-a-libreville","status":"publish","type":"post","link":"https:\/\/www.conservation-justice.org\/fr\/33-kilos-divoire-saisis-a-libreville\/","title":{"rendered":"33 kilos d\u2019ivoire saisis \u00e0 Libreville"},"content":{"rendered":"<figure id=\"attachment_1896\" aria-describedby=\"caption-attachment-1896\" style=\"width: 300px\" class=\"wp-caption aligncenter\"><a href=\"http:\/\/www.conservation-justice.org\/CJ\/wp-content\/uploads\/2014\/11\/daouda.jpg\"><img loading=\"lazy\" decoding=\"async\" class=\"wp-image-1896 size-medium\" src=\"http:\/\/www.conservation-justice.org\/CJ\/wp-content\/uploads\/2014\/11\/daouda-300x225.jpg\" alt=\"daouda\" width=\"300\" height=\"225\" \/><\/a><figcaption id=\"caption-attachment-1896\" class=\"wp-caption-text\">&#8220;Daoud&#8221; et une partie de son butin<\/figcaption><\/figure>\n<p><strong>Samedi dernier, un trafiquant d\u2019ivoire nomm\u00e9 Tounkara Sambou Daouda a \u00e9t\u00e9 arr\u00eat\u00e9 \u00e0 Libreville en possession de 33 kilos d\u2019ivoire par la Brigade d\u2019Intervention de la Police Judiciaire, assist\u00e9e de Conservation Justice. R\u00e9sidant \u00e0 Koulamoutou, ce dernier avait fait le voyage sur Libreville dans le but de d\u2019\u00e9couler son butin dur le march\u00e9 noir.<\/strong><\/p>\n<p>Arr\u00eat\u00e9 aux alentours de Louis avec un sac contenant 8 pointes d\u2019ivoires coup\u00e9es en 12\u00a0<br \/> morceaux, Monsieur Tounkara Sambou a dit ne pas connaitre le contenu du sac et que cela ne lui appartenait pas, apr\u00e8s avoir pourtant avou\u00e9 avoir l\u2019intention de vendre ce produit.<\/p>\n<p>Koulamoutou est donc maintenant connu comme \u00e9tant une autre plaque tournante du braconnage au Gabon. L\u2019intention de commercialiser l\u2019ivoire \u00e0 Libreville d\u00e9montre aussi le fait qu\u2019il existe bel et bien un r\u00e9seau, sinon un march\u00e9, pour la vente de l\u2019ivoire \u00e0 Libreville.<\/p>\n<p>Aussi inqui\u00e9tant est le fait que Mr.\u00a0Tounkara Sambou a pu se rendre de Koulamoutou jusqu\u2019\u00e0 Libreville sans \u00eatre intercept\u00e9 plus t\u00f4t par les contr\u00f4les terrestres. L\u2019affaire a \u00e9t\u00e9 transmise au parquet de Libreville hier matin, selon le code forestier Gabonais il risque au maximum 6 mois d\u2019emprisonnement, peine d\u00e9risoire quand on sait que la valeur du butin du braconnier est estim\u00e9e \u00e0 plus de 3 millions FCFA et qu\u2019il ne s\u2019agit que d\u2019une infime fraction des recettes annuelles de ce trafiquant.<\/p>\n<p>Selon un agent de la brigade d\u2019intervention de la police judiciaire, \u00ab\u00a0Cette arrestation n\u2019aurait pu se faire sans la collaboration de Conservation Justice, nous l\u2019avons prit en flagrant d\u00e9lit avec l\u2019intention de vendre ses ivoires. Il faut maintenant qu\u2019il soit puni s\u00e9v\u00e8rement pour servir d\u2019exemple aux autres qui essayeront de faire comme lui.\u00a0\u00bb<\/p>\n<p>Le chef de la police a lui aussi relay\u00e9 ses f\u00e9licitations pour l\u2019arrestation tout en exprimant son souhait de voir Mr\u00a0Tounkara Sambou \u00e9cop\u00e9 d\u2019une peine. \u00ab\u00a0Le braconnage est un ph\u00e9nom\u00e8ne qui s\u2019accentue malgr\u00e9 les arrestations, nous devons frapper fort pour avoir des r\u00e9sultats probants\u00a0\u00bb.<\/p>\n<p>L\u2019affaire a \u00e9t\u00e9 d\u00e9f\u00e9r\u00e9e au tribunal de premi\u00e8re instance de Libreville, le proc\u00e8s aura lieu le Lundi 24 Novembre.<\/p>\n<p>\u00a0<\/p>\n<p><a href=\"http:\/\/www.gabonews.com\/fr\/actus\/environnement\/article\/33-kilos-d-ivoire-saisis-a-libreville\">http:\/\/www.gabonews.com\/fr\/actus\/environnement\/article\/33-kilos-d-ivoire-saisis-a-libreville<\/a><\/p>\n<p><a href=\"http:\/\/fr.allafrica.com\/stories\/201411200580.html\">http:\/\/fr.allafrica.com\/stories\/201411200580.html<\/a><\/p>\n<p><a href=\"http:\/\/www.gaboneco.com\/nouvelles_africaines_34078.html\">http:\/\/www.gaboneco.com\/nouvelles_africaines_34078.html<\/a><\/p>\n<p><a href=\"http:\/\/www.gabonlibre.com\/33-kilos-d-ivoire-saisis-a-Libreville_a27272.html\">http:\/\/www.gabonlibre.com\/33-kilos-d-ivoire-saisis-a-Libreville_a27272.html<\/a><\/p>\n<p><a href=\"http:\/\/fr.africatime.com\/gabon\/articles\/33-kilos-divoire-saisis-libreville\">http:\/\/fr.africatime.com\/gabon\/articles\/33-kilos-divoire-saisis-libreville<\/a><\/p>\n<p><a href=\"http:\/\/news.alibreville.com\/h\/20258.html\">http:\/\/news.alibreville.com\/h\/20258.html<\/a><\/p>\n<p>\u00a0<\/p>\n","protected":false},"excerpt":{"rendered":"Samedi dernier, un trafiquant d\u2019ivoire nomm\u00e9 Tounkara Sambou Daouda a \u00e9t\u00e9 arr\u00eat\u00e9 \u00e0 Libreville en possession de 33 kilos d\u2019ivoire par la Brigade d\u2019Intervention de la Police Judiciaire, assist\u00e9e de Conservation Justice. R\u00e9sidant \u00e0 Koulamoutou, ce dernier avait fait le voyage sur Libreville dans le but de d\u2019\u00e9couler son butin dur le march\u00e9 noir. Arr\u00eat\u00e9 [&hellip;]","protected":false},"author":4,"featured_media":1133,"comment_status":"closed","ping_status":"closed","sticky":false,"template":"","format":"standard","meta":{"footnotes":""},"categories":[1],"tags":[],"class_list":["post-1895","post","type-post","status-publish","format-standard","has-post-thumbnail","hentry","category-non-classifiee"],"_links":{"self":[{"href":"https:\/\/www.conservation-justice.org\/fr\/wp-json\/wp\/v2\/posts\/1895","targetHints":{"allow":["GET"]}}],"collection":[{"href":"https:\/\/www.conservation-justice.org\/fr\/wp-json\/wp\/v2\/posts"}],"about":[{"href":"https:\/\/www.conservation-justice.org\/fr\/wp-json\/wp\/v2\/types\/post"}],"author":[{"embeddable":true,"href":"https:\/\/www.conservation-justice.org\/fr\/wp-json\/wp\/v2\/users\/4"}],"replies":[{"embeddable":true,"href":"https:\/\/www.conservation-justice.org\/fr\/wp-json\/wp\/v2\/comments?post=1895"}],"version-history":[{"count":0,"href":"https:\/\/www.conservation-justice.org\/fr\/wp-json\/wp\/v2\/posts\/1895\/revisions"}],"wp:featuredmedia":[{"embeddable":true,"href":"https:\/\/www.conservation-justice.org\/fr\/wp-json\/wp\/v2\/media\/1133"}],"wp:attachment":[{"href":"https:\/\/www.conservation-justice.org\/fr\/wp-json\/wp\/v2\/media?parent=1895"}],"wp:term":[{"taxonomy":"category","embeddable":true,"href":"https:\/\/www.conservation-justice.org\/fr\/wp-json\/wp\/v2\/categories?post=1895"},{"taxonomy":"post_tag","embeddable":true,"href":"https:\/\/www.conservation-justice.org\/fr\/wp-json\/wp\/v2\/tags?post=1895"}],"curies":[{"name":"wp","href":"https:\/\/api.w.org\/{rel}","templated":true}]}}