{"id":2251,"date":"2017-01-16T10:41:25","date_gmt":"2017-01-16T09:41:25","guid":{"rendered":"http:\/\/www.conservation-justice.org\/CJ\/?p=2251"},"modified":"2017-01-16T10:41:25","modified_gmt":"2017-01-16T09:41:25","slug":"arsene-boussougou-pris-la-main-sur-livoire","status":"publish","type":"post","link":"http:\/\/www.conservation-justice.org\/fr\/arsene-boussougou-pris-la-main-sur-livoire\/","title":{"rendered":"Ars\u00e8ne Boussougou pris la main &#8220;sur l&#8217;ivoire&#8221;"},"content":{"rendered":"<figure id=\"attachment_2243\" aria-describedby=\"caption-attachment-2243\" style=\"width: 4128px\" class=\"wp-caption aligncenter\"><a href=\"http:\/\/www.conservation-justice.org\/CJ\/wp-content\/uploads\/2017\/01\/20170112_093619.jpg\"><img loading=\"lazy\" decoding=\"async\" class=\"wp-image-2243 size-full\" src=\"http:\/\/www.conservation-justice.org\/CJ\/wp-content\/uploads\/2017\/01\/20170112_093619.jpg\" alt=\"20170112_093619\" width=\"4128\" height=\"2322\" \/><\/a><figcaption id=\"caption-attachment-2243\" class=\"wp-caption-text\">L&#8217;Union du 6 janvier 2017<\/figcaption><\/figure>\n<p><strong>Ars\u00e8ne Boussougou aura parcouru 150 km pour rejoindre Libreville et liquider sa marchandise dans un quartier du 3\u00e8me arrondissement de Libreville. Pour ce &#8220;r\u00e9colteur&#8221; de Olam, le braconnage des \u00e9l\u00e9phants et la vente de pointes d&#8217;ivoire \u00e9taient le moyen de se faire la manne. C&#8217;\u00e9tait sans compter sur la coalition qui s&#8217;est form\u00e9e au Gabon dans la lutte contre ces fl\u00e9aux. Il a \u00e9t\u00e9 stopp\u00e9 net. Il devra en r\u00e9pondre devant la justice.<\/strong><\/p>\n","protected":false},"excerpt":{"rendered":"Ars\u00e8ne Boussougou aura parcouru 150 km pour rejoindre Libreville et liquider sa marchandise dans un quartier du 3\u00e8me arrondissement de Libreville. Pour ce &#8220;r\u00e9colteur&#8221; de Olam, le braconnage des \u00e9l\u00e9phants et la vente de pointes d&#8217;ivoire \u00e9taient le moyen de se faire la manne. C&#8217;\u00e9tait sans compter sur la coalition qui s&#8217;est form\u00e9e au Gabon [&hellip;]","protected":false},"author":4,"featured_media":1133,"comment_status":"closed","ping_status":"closed","sticky":false,"template":"","format":"standard","meta":{"footnotes":""},"categories":[1],"tags":[],"class_list":["post-2251","post","type-post","status-publish","format-standard","has-post-thumbnail","hentry","category-non-classifiee"],"_links":{"self":[{"href":"http:\/\/www.conservation-justice.org\/fr\/wp-json\/wp\/v2\/posts\/2251","targetHints":{"allow":["GET"]}}],"collection":[{"href":"http:\/\/www.conservation-justice.org\/fr\/wp-json\/wp\/v2\/posts"}],"about":[{"href":"http:\/\/www.conservation-justice.org\/fr\/wp-json\/wp\/v2\/types\/post"}],"author":[{"embeddable":true,"href":"http:\/\/www.conservation-justice.org\/fr\/wp-json\/wp\/v2\/users\/4"}],"replies":[{"embeddable":true,"href":"http:\/\/www.conservation-justice.org\/fr\/wp-json\/wp\/v2\/comments?post=2251"}],"version-history":[{"count":0,"href":"http:\/\/www.conservation-justice.org\/fr\/wp-json\/wp\/v2\/posts\/2251\/revisions"}],"wp:featuredmedia":[{"embeddable":true,"href":"http:\/\/www.conservation-justice.org\/fr\/wp-json\/wp\/v2\/media\/1133"}],"wp:attachment":[{"href":"http:\/\/www.conservation-justice.org\/fr\/wp-json\/wp\/v2\/media?parent=2251"}],"wp:term":[{"taxonomy":"category","embeddable":true,"href":"http:\/\/www.conservation-justice.org\/fr\/wp-json\/wp\/v2\/categories?post=2251"},{"taxonomy":"post_tag","embeddable":true,"href":"http:\/\/www.conservation-justice.org\/fr\/wp-json\/wp\/v2\/tags?post=2251"}],"curies":[{"name":"wp","href":"https:\/\/api.w.org\/{rel}","templated":true}]}}