{"id":1796,"date":"2014-08-30T02:08:57","date_gmt":"2014-08-30T00:08:57","guid":{"rendered":"http:\/\/www.conservation-justice.org\/CJ\/?p=1796"},"modified":"2014-08-30T02:08:57","modified_gmt":"2014-08-30T00:08:57","slug":"un-chargement-illegal-dokoume-intercepte-a-nkoltang","status":"publish","type":"post","link":"http:\/\/www.conservation-justice.org\/fr\/un-chargement-illegal-dokoume-intercepte-a-nkoltang\/","title":{"rendered":"Un chargement ill\u00e9gal d\u2019Okoum\u00e9 intercept\u00e9 \u00e0 Nkoltang"},"content":{"rendered":"<figure id=\"attachment_1799\" aria-describedby=\"caption-attachment-1799\" style=\"width: 640px\" class=\"wp-caption aligncenter\"><a href=\"http:\/\/www.conservation-justice.org\/CJ\/wp-content\/uploads\/2014\/08\/bois-camion.JPG-58a324b1.jpg\"><img loading=\"lazy\" decoding=\"async\" class=\"size-full wp-image-1799\" src=\"http:\/\/www.conservation-justice.org\/CJ\/wp-content\/uploads\/2014\/08\/bois-camion.JPG-58a324b1.jpg\" alt=\"Le chargement de bois intercept\u00e9.\" width=\"640\" height=\"481\" \/><\/a><figcaption id=\"caption-attachment-1799\" class=\"wp-caption-text\">Le chargement de bois intercept\u00e9.<\/figcaption><\/figure>\n<p>Un chargement de bois ill\u00e9gal a \u00e9t\u00e9 intercept\u00e9 \u00e0 Nkoltang par le poste des Eaux et For\u00eats local le 8 Aout dernier. C\u2019est environ 8m\u00b3 d\u2019Okoum\u00e9 que Mr Camara Salif et ses complices transportaient \u00e0 bord d\u2019un camion, sans doute pour \u00eatre vendu.<\/p>\n<p>C\u2019est suite \u00e0 un interrogatoire par la Brigade Mobile de Nkoltang que Mr NDONG EYI Faustine sera identifi\u00e9 comme \u00e9tant le propri\u00e9taire du bois en question. Apr\u00e8s avoir \u00e9t\u00e9 interrog\u00e9 par la Direction Provinciale de l\u2019Estuaire, Mr Ndong Eyi r\u00e9v\u00e9la \u00e0 son tour avoir acquis le bois d\u2019un Mr Toufick, un connu des services de la Direction Provinciale. Mr Toufick serait un exploitant forestier qui selon eux exerce en toute l\u00e9galit\u00e9.<\/p>\n<p>Mr Ndong Eyi n\u2019ayant aucun permit ou tout autre justificatif lui permettant de transporter le bois a \u00e9t\u00e9 reconnu coupable d&#8217;exploitation sans titre et est somm\u00e9 de payer une amende de 150.000 FCFA.<\/p>\n<p>Voici donc un \u00e9ni\u00e8me trafiquant qui se voit relax\u00e9 et somm\u00e9 de payer une amende d\u00e9risoire, ne correspondant en rien \u00e0 la gravit\u00e9 de son crime, ni aux pertes que l\u2019\u00e9tat subit dues \u00e0 ce genre de pratiques frauduleuses.<\/p>\n<p>Le bois est l\u2019une des ressources les plus importantes et pr\u00e9cieuse du pays et \u00e0 l\u2019instar de l\u2019or noir qui vient de b\u00e9n\u00e9ficier d\u2019un nouveau code pour une meilleure r\u00e9glementation et protection, l\u2019or vert devrait tout aussi b\u00e9n\u00e9ficier d\u2019un cadre l\u00e9gal stricte qui devra \u00eatre appliqu\u00e9 scrupuleusement par tous.<\/p>\n<p>\u00a0<\/p>\n<p><a href=\"http:\/\/news.alibreville.com\/h\/13836.html\" target=\"_blank\" rel=\"noopener noreferrer\">http:\/\/news.alibreville.com\/h\/13836.html<\/a><\/p>\n<p><a href=\"http:\/\/www.gabonews.com\/fr\/actus\/environnement\/article\/un-chargement-illegal-d-okoume-intercepte-a\" target=\"_blank\" rel=\"noopener noreferrer\">http:\/\/www.gabonews.com\/fr\/actus\/environnement\/article\/un-chargement-illegal-d-okoume-intercepte-a<\/a><\/p>\n<p><a href=\"http:\/\/fr.africatime.com\/gabon\/articles\/un-chargement-illegal-dokoume-intercepte-nkoltang\" target=\"_blank\" rel=\"noopener noreferrer\">http:\/\/fr.africatime.com\/gabon\/articles\/un-chargement-illegal-dokoume-intercepte-nkoltang<\/a><\/p>\n<p><a href=\"http:\/\/gabonreview.com\/blog\/exploitation-illegale-du-bois-trafiquant-verbalise\/\" target=\"_blank\" rel=\"noopener noreferrer\">http:\/\/gabonreview.com\/blog\/exploitation-illegale-du-bois-trafiquant-verbalise\/<\/a><\/p>\n<p>\u00a0<\/p>\n","protected":false},"excerpt":{"rendered":"Un chargement de bois ill\u00e9gal a \u00e9t\u00e9 intercept\u00e9 \u00e0 Nkoltang par le poste des Eaux et For\u00eats local le 8 Aout dernier. C\u2019est environ 8m\u00b3 d\u2019Okoum\u00e9 que Mr Camara Salif et ses complices transportaient \u00e0 bord d\u2019un camion, sans doute pour \u00eatre vendu. C\u2019est suite \u00e0 un interrogatoire par la Brigade Mobile de Nkoltang que [&hellip;]","protected":false},"author":4,"featured_media":1133,"comment_status":"closed","ping_status":"closed","sticky":false,"template":"","format":"standard","meta":{"footnotes":""},"categories":[1],"tags":[],"class_list":["post-1796","post","type-post","status-publish","format-standard","has-post-thumbnail","hentry","category-non-classifiee"],"_links":{"self":[{"href":"http:\/\/www.conservation-justice.org\/fr\/wp-json\/wp\/v2\/posts\/1796","targetHints":{"allow":["GET"]}}],"collection":[{"href":"http:\/\/www.conservation-justice.org\/fr\/wp-json\/wp\/v2\/posts"}],"about":[{"href":"http:\/\/www.conservation-justice.org\/fr\/wp-json\/wp\/v2\/types\/post"}],"author":[{"embeddable":true,"href":"http:\/\/www.conservation-justice.org\/fr\/wp-json\/wp\/v2\/users\/4"}],"replies":[{"embeddable":true,"href":"http:\/\/www.conservation-justice.org\/fr\/wp-json\/wp\/v2\/comments?post=1796"}],"version-history":[{"count":0,"href":"http:\/\/www.conservation-justice.org\/fr\/wp-json\/wp\/v2\/posts\/1796\/revisions"}],"wp:featuredmedia":[{"embeddable":true,"href":"http:\/\/www.conservation-justice.org\/fr\/wp-json\/wp\/v2\/media\/1133"}],"wp:attachment":[{"href":"http:\/\/www.conservation-justice.org\/fr\/wp-json\/wp\/v2\/media?parent=1796"}],"wp:term":[{"taxonomy":"category","embeddable":true,"href":"http:\/\/www.conservation-justice.org\/fr\/wp-json\/wp\/v2\/categories?post=1796"},{"taxonomy":"post_tag","embeddable":true,"href":"http:\/\/www.conservation-justice.org\/fr\/wp-json\/wp\/v2\/tags?post=1796"}],"curies":[{"name":"wp","href":"https:\/\/api.w.org\/{rel}","templated":true}]}}