{"id":1775,"date":"2014-08-25T16:10:57","date_gmt":"2014-08-25T14:10:57","guid":{"rendered":"http:\/\/www.conservation-justice.org\/CJ\/?p=1775"},"modified":"2014-08-25T16:10:57","modified_gmt":"2014-08-25T14:10:57","slug":"lelephant-coince-dans-la-boue-retrouve-mort","status":"publish","type":"post","link":"http:\/\/www.conservation-justice.org\/fr\/lelephant-coince-dans-la-boue-retrouve-mort\/","title":{"rendered":"L\u2019\u00e9l\u00e9phant coinc\u00e9 dans la boue retrouv\u00e9 mort"},"content":{"rendered":"<figure id=\"attachment_1777\" aria-describedby=\"caption-attachment-1777\" style=\"width: 640px\" class=\"wp-caption aligncenter\"><a href=\"http:\/\/www.conservation-justice.org\/CJ\/wp-content\/uploads\/2014\/08\/elephant-2.jpg\"><img loading=\"lazy\" decoding=\"async\" class=\"size-full wp-image-1777\" src=\"http:\/\/www.conservation-justice.org\/CJ\/wp-content\/uploads\/2014\/08\/elephant-2.jpg\" alt=\"The elephant found stuck in the mud.\" width=\"640\" height=\"480\" \/><\/a><figcaption id=\"caption-attachment-1777\" class=\"wp-caption-text\">L&#8217;\u00e9l\u00e9phant retrouv\u00e9 mort.<\/figcaption><\/figure>\n<p>L\u2019\u00e9l\u00e9phant qui a \u00e9t\u00e9 d\u00e9couvert coinc\u00e9 dans la boue dans une concession foresti\u00e8re depuis jeudi dernier a finalement succomb\u00e9.<\/p>\n<p>Depuis le jeudi 14 ao\u00fbt 2014, Monsieur Paulin, Responsable du bureau d\u2019appui \u00e0 l\u2019environnement villageois \u00e0 la CEB, avait alert\u00e9 la Direction Provinciale des Eaux et For\u00eats de l\u2019Ogoou\u00e9-Lolo puis celle du Haut-Ogoou\u00e9 \u00e0 propos d\u2019un jeune \u00e9l\u00e9phant coinc\u00e9 dans la boue au sein de leur concession foresti\u00e8re. L\u2019\u00e9l\u00e9phant fut d\u00e9plac\u00e9 par la CEB vers un petit ruisseau juste \u00e0 c\u00f4t\u00e9 pour lui permettre de se r\u00e9hydrater et des fruits lui furent donn\u00e9s.<\/p>\n<p>A premi\u00e8re vue sa patte arri\u00e8re gauche \u00e9tait s\u00e9rieusement endommag\u00e9e, voir infect\u00e9e et c\u2019est ainsi qu\u2019il s\u2019\u00e9tait retrouv\u00e9 immobile dans la boue et dans le ruisseau. Mais apr\u00e8s examen par des v\u00e9t\u00e9rinaires du Parc de la L\u00e9k\u00e9di (Sodepal), l\u2019\u00e9l\u00e9phant \u00e9tait d\u00e9j\u00e0 en mauvaise sant\u00e9 dans la for\u00eat, avant m\u00eame qu\u2019il ne soit d\u00e9couvert coinc\u00e9 dans la boue par le personnel de la CEB.<\/p>\n<p>Malgr\u00e9 tous les efforts consentis pendant cinq jours par la CEB, la DP des Eaux et For\u00eats du Haut Ogoou\u00e9 dirig\u00e9e par Mr\u00a0Lucien Massoukou et Conservation Justice, l\u2019\u00e9l\u00e9phant succomba, probablement de fatigue.<\/p>\n<p><a href=\"http:\/\/www.gabonews.com\/fr\/actus\/environnement\/article\/l-elephant-coince-dans-la-boue-retrouve-mort\">http:\/\/www.gabonews.com\/fr\/actus\/environnement\/article\/l-elephant-coince-dans-la-boue-retrouve-mort<\/a><\/p>\n<p><a href=\"http:\/\/news.alibreville.com\/h\/13704.html\">http:\/\/news.alibreville.com\/h\/13704.html<\/a><\/p>\n","protected":false},"excerpt":{"rendered":"L\u2019\u00e9l\u00e9phant qui a \u00e9t\u00e9 d\u00e9couvert coinc\u00e9 dans la boue dans une concession foresti\u00e8re depuis jeudi dernier a finalement succomb\u00e9. Depuis le jeudi 14 ao\u00fbt 2014, Monsieur Paulin, Responsable du bureau d\u2019appui \u00e0 l\u2019environnement villageois \u00e0 la CEB, avait alert\u00e9 la Direction Provinciale des Eaux et For\u00eats de l\u2019Ogoou\u00e9-Lolo puis celle du Haut-Ogoou\u00e9 \u00e0 propos d\u2019un [&hellip;]","protected":false},"author":4,"featured_media":1133,"comment_status":"closed","ping_status":"closed","sticky":false,"template":"","format":"standard","meta":{"footnotes":""},"categories":[1],"tags":[],"class_list":["post-1775","post","type-post","status-publish","format-standard","has-post-thumbnail","hentry","category-non-classifiee"],"_links":{"self":[{"href":"http:\/\/www.conservation-justice.org\/fr\/wp-json\/wp\/v2\/posts\/1775","targetHints":{"allow":["GET"]}}],"collection":[{"href":"http:\/\/www.conservation-justice.org\/fr\/wp-json\/wp\/v2\/posts"}],"about":[{"href":"http:\/\/www.conservation-justice.org\/fr\/wp-json\/wp\/v2\/types\/post"}],"author":[{"embeddable":true,"href":"http:\/\/www.conservation-justice.org\/fr\/wp-json\/wp\/v2\/users\/4"}],"replies":[{"embeddable":true,"href":"http:\/\/www.conservation-justice.org\/fr\/wp-json\/wp\/v2\/comments?post=1775"}],"version-history":[{"count":0,"href":"http:\/\/www.conservation-justice.org\/fr\/wp-json\/wp\/v2\/posts\/1775\/revisions"}],"wp:featuredmedia":[{"embeddable":true,"href":"http:\/\/www.conservation-justice.org\/fr\/wp-json\/wp\/v2\/media\/1133"}],"wp:attachment":[{"href":"http:\/\/www.conservation-justice.org\/fr\/wp-json\/wp\/v2\/media?parent=1775"}],"wp:term":[{"taxonomy":"category","embeddable":true,"href":"http:\/\/www.conservation-justice.org\/fr\/wp-json\/wp\/v2\/categories?post=1775"},{"taxonomy":"post_tag","embeddable":true,"href":"http:\/\/www.conservation-justice.org\/fr\/wp-json\/wp\/v2\/tags?post=1775"}],"curies":[{"name":"wp","href":"https:\/\/api.w.org\/{rel}","templated":true}]}}